{"id":77,"date":"2026-06-06T11:00:00","date_gmt":"2026-06-06T09:00:00","guid":{"rendered":"https:\/\/scena.regina-ai.net\/blog\/cultos-y-procesion-en-honor-a-jesus-sacramentado-2026\/"},"modified":"2026-09-01T00:17:34","modified_gmt":"2026-08-31T22:17:34","slug":"cultos-y-procesion-en-honor-a-jesus-sacramentado-2026","status":"publish","type":"post","link":"https:\/\/scena.regina-ai.net\/blog\/cultos-y-procesion-en-honor-a-jesus-sacramentado-2026\/","title":{"rendered":"Cultos y Procesi\u00f3n en honor a Jes\u00fas Sacramentado 2026"},"content":{"rendered":"<p>Durante los d\u00edas\u00a0<strong>11, 12 y 13 de junio<\/strong>, a las\u00a0<strong>21:00 horas,\u00a0<\/strong>celebraremos el\u00a0<strong>Solemne Triduo en honor al Sant\u00edsimo Sacramento del Altar<\/strong>\u00a0en nuestra Sede Can\u00f3nica<strong>.\u00a0<\/strong>Oficiar\u00e1 los solemnes cultos N.H. el Muy Ilustre Se\u00f1or D. Tom\u00e1s Pajuelo Romero, Pbro., Can\u00f3nigo de la S.I.C., P\u00e1rroco de Beato \u00c1lvaro de C\u00f3rdoba y Consiliario de la Hermandad.<\/p>\n<p>El domingo\u00a0<strong>14 de junio<\/strong>, a las\u00a0<strong>10:00 horas<\/strong>, tendr\u00e1 lugar la\u00a0<strong>Funci\u00f3n Principal de Instituto<\/strong>, presidida por N.H. el Muy Ilustre Se\u00f1or D. Tom\u00e1s Pajuelo Romero, Pbro. A su finalizaci\u00f3n, tendr\u00e1 lugar la\u00a0<strong>Procesi\u00f3n de Jes\u00fas Sacramentado por las calles de la feligres\u00eda con la Augusta y Real presencia de Su Divina Majestad<\/strong>\u00a0en su Custodia, precedido por el paso de Nuestra Amant\u00edsima Titular la Pur\u00edsima Concepci\u00f3n. El acompa\u00f1amiento musical en el Sant\u00edsimo correr\u00e1 a cargo de la Agrupaci\u00f3n Musical Nuestro Padre Jes\u00fas de la Fe en su Sagrada Cena.<\/p>\n<p>Todo hermano que desee participar en la procesi\u00f3n alumbrando a Jes\u00fas Sacramentado portando cirio debe apuntarse en el siguiente formulario:<\/p>\n<p><a href=\"https:\/\/forms.gle\/gDGCsSmZJk25d19cA\">https:\/\/forms.gle\/gDGCsSmZJk25d19cA<\/a><\/p>\n<\/p>\n<div class=\"wp-block-image\">\n<figure class=\"aligncenter size-large is-resized\"><img loading=\"lazy\" decoding=\"async\" width=\"819\" height=\"1024\" src=\"https:\/\/scena.regina-ai.net\/blog\/wp-content\/uploads\/2026\/06\/VIA-CRUCIS-RECORRIDO-819x1024-1.png\" alt=\"\" class=\"wp-image-2921\" style=\"width:523px;height:auto\"><\/figure>\n<\/div>\n<p>El recorrido de la salida procesional ser\u00e1: <em>Salida desde la Parroquia Beato \u00c1lvaro de C\u00f3rdoba (11:00 horas), Avenida de Guerrita, Manuel Fuentes Bocanegra, Pasaje Manuel Calero Calerito, Avenida de Lagartijo, Avenida de Guerrita, Manuel Fuentes Bocanegra, Manuel Cano el Pireo, Jos\u00e9 Mar\u00eda Martorell, Avenida de Guerrita, Parroquia Beato \u00c1lvaro de C\u00f3rdoba (12:15 horas). <\/em><\/p>\n<\/p>\n<div class=\"wp-block-image\">\n<figure class=\"aligncenter size-large\"><img loading=\"lazy\" decoding=\"async\" width=\"724\" height=\"1024\" src=\"https:\/\/scena.regina-ai.net\/blog\/wp-content\/uploads\/2026\/06\/Cartel-corpus-26-724x1024-1.jpg\" alt=\"\" class=\"wp-image-2926\"><\/figure>\n<\/div>\n","protected":false},"excerpt":{"rendered":"<p>Durante los d\u00edas\u00a011, 12 y 13 de junio, a las\u00a021:00 horas,\u00a0celebraremos el\u00a0Solemne Triduo en honor al Sant\u00edsimo Sacramento del Altar\u00a0en nuestra Sede Can\u00f3nica.\u00a0Oficiar\u00e1 los solemnes cultos N.H. el Muy Ilustre &#8230;<\/p>\n","protected":false},"author":0,"featured_media":81,"comment_status":"open","ping_status":"open","sticky":false,"template":"","format":"standard","meta":{"footnotes":""},"categories":[1],"tags":[],"class_list":["post-77","post","type-post","status-publish","format-standard","has-post-thumbnail","hentry","category-uncategorized"],"_links":{"self":[{"href":"https:\/\/scena.regina-ai.net\/blog\/wp-json\/wp\/v2\/posts\/77","targetHints":{"allow":["GET"]}}],"collection":[{"href":"https:\/\/scena.regina-ai.net\/blog\/wp-json\/wp\/v2\/posts"}],"about":[{"href":"https:\/\/scena.regina-ai.net\/blog\/wp-json\/wp\/v2\/types\/post"}],"replies":[{"embeddable":true,"href":"https:\/\/scena.regina-ai.net\/blog\/wp-json\/wp\/v2\/comments?post=77"}],"version-history":[{"count":1,"href":"https:\/\/scena.regina-ai.net\/blog\/wp-json\/wp\/v2\/posts\/77\/revisions"}],"predecessor-version":[{"id":80,"href":"https:\/\/scena.regina-ai.net\/blog\/wp-json\/wp\/v2\/posts\/77\/revisions\/80"}],"wp:featuredmedia":[{"embeddable":true,"href":"https:\/\/scena.regina-ai.net\/blog\/wp-json\/wp\/v2\/media\/81"}],"wp:attachment":[{"href":"https:\/\/scena.regina-ai.net\/blog\/wp-json\/wp\/v2\/media?parent=77"}],"wp:term":[{"taxonomy":"category","embeddable":true,"href":"https:\/\/scena.regina-ai.net\/blog\/wp-json\/wp\/v2\/categories?post=77"},{"taxonomy":"post_tag","embeddable":true,"href":"https:\/\/scena.regina-ai.net\/blog\/wp-json\/wp\/v2\/tags?post=77"}],"curies":[{"name":"wp","href":"https:\/\/api.w.org\/{rel}","templated":true}]}}