{"id":82,"date":"2026-05-30T11:20:11","date_gmt":"2026-05-30T09:20:11","guid":{"rendered":"https:\/\/scena.regina-ai.net\/blog\/participacion-en-la-representacion-corporativa-en-el-corpus-christi-de-la-catedral\/"},"modified":"2026-09-01T00:17:39","modified_gmt":"2026-08-31T22:17:39","slug":"participacion-en-la-representacion-corporativa-en-el-corpus-christi-de-la-catedral","status":"publish","type":"post","link":"https:\/\/scena.regina-ai.net\/blog\/participacion-en-la-representacion-corporativa-en-el-corpus-christi-de-la-catedral\/","title":{"rendered":"Participaci\u00f3n en la representaci\u00f3n corporativa en el Corpus Christi de la Catedral"},"content":{"rendered":"<p>El pr\u00f3ximo <strong>jueves, d\u00eda 4 de junio<\/strong>, nuestra Hermandad asistir\u00e1 corporativamente a la Solemne Procesi\u00f3n del Corpus Christi, la cual partir\u00e1 desde la Santa Iglesia Catedral a las 19:30 horas. La representaci\u00f3n corporativa de la Hermandad estar\u00e1 formada por: estandarte corporativo, varas de acompa\u00f1amiento y tantos cirios como hermanos deseen participar en la misma.<\/p>\n<p>Invitamos a todos los hermanos que lo deseen a formar parte de esta representaci\u00f3n. Para una mejor organizaci\u00f3n, <strong>todo hermano que desee acompa\u00f1ar en la representaci\u00f3n corporativa portando cirio debe apuntarse en el siguiente formulario antes de que finalice el mi\u00e9rcoles 3 de junio:<\/strong><\/p>\n<p><a href=\"https:\/\/forms.gle\/YRnyTiiqd2AQiUGKA\">https:\/\/forms.gle\/YRnyTiiqd2AQiUGKA<\/a><\/p>\n<p>Los hermanos que se apunten para participar en la representaci\u00f3n <strong>deber\u00e1n encontrarse a las 19:00 horas en el interior de la Santa Iglesia Catedral<\/strong>, en la zona donde se forma el cortejo, y buscar el lugar que ocupe nuestro estandarte corporativo, donde se le facilitar\u00e1n los cirios. <\/p>\n<p>El\u00a0protocolo de vestimenta\u00a0ser\u00e1 de traje y corbata para los hombres, y vestimenta oscura para las mujeres (no necesariamente negra).\u00a0<strong>Importante que todos los hermanos porten la medalla de la hermandad.<\/strong><\/p>\n<p>No queremos dejar pasar la oportunidad para recordar de la importancia del acto en el que participaremos, e instamos a todos los hermanos a acompa\u00f1ar a Cristo Eucarist\u00eda verdaderamente presente entre nosotros por las calles de nuestra ciudad.<\/p>\n<p>\u00a1Alabado sea Jes\u00fas Sacramentado!<\/p>\n<div class=\"wp-block-image\">\n<figure class=\"aligncenter size-large\"><img loading=\"lazy\" decoding=\"async\" width=\"732\" height=\"1024\" src=\"https:\/\/scena.regina-ai.net\/blog\/wp-content\/uploads\/2026\/05\/Cartel-Corpus-Christi-2026-732x1024-1.jpg\" alt=\"\" class=\"wp-image-2918\"><\/figure>\n<\/div>\n","protected":false},"excerpt":{"rendered":"<p>El pr\u00f3ximo jueves, d\u00eda 4 de junio, nuestra Hermandad asistir\u00e1 corporativamente a la Solemne Procesi\u00f3n del Corpus Christi, la cual partir\u00e1 desde la Santa Iglesia Catedral a las 19:30 horas. &#8230;<\/p>\n","protected":false},"author":0,"featured_media":85,"comment_status":"open","ping_status":"open","sticky":false,"template":"","format":"standard","meta":{"footnotes":""},"categories":[1],"tags":[],"class_list":["post-82","post","type-post","status-publish","format-standard","has-post-thumbnail","hentry","category-uncategorized"],"_links":{"self":[{"href":"https:\/\/scena.regina-ai.net\/blog\/wp-json\/wp\/v2\/posts\/82","targetHints":{"allow":["GET"]}}],"collection":[{"href":"https:\/\/scena.regina-ai.net\/blog\/wp-json\/wp\/v2\/posts"}],"about":[{"href":"https:\/\/scena.regina-ai.net\/blog\/wp-json\/wp\/v2\/types\/post"}],"replies":[{"embeddable":true,"href":"https:\/\/scena.regina-ai.net\/blog\/wp-json\/wp\/v2\/comments?post=82"}],"version-history":[{"count":1,"href":"https:\/\/scena.regina-ai.net\/blog\/wp-json\/wp\/v2\/posts\/82\/revisions"}],"predecessor-version":[{"id":84,"href":"https:\/\/scena.regina-ai.net\/blog\/wp-json\/wp\/v2\/posts\/82\/revisions\/84"}],"wp:featuredmedia":[{"embeddable":true,"href":"https:\/\/scena.regina-ai.net\/blog\/wp-json\/wp\/v2\/media\/85"}],"wp:attachment":[{"href":"https:\/\/scena.regina-ai.net\/blog\/wp-json\/wp\/v2\/media?parent=82"}],"wp:term":[{"taxonomy":"category","embeddable":true,"href":"https:\/\/scena.regina-ai.net\/blog\/wp-json\/wp\/v2\/categories?post=82"},{"taxonomy":"post_tag","embeddable":true,"href":"https:\/\/scena.regina-ai.net\/blog\/wp-json\/wp\/v2\/tags?post=82"}],"curies":[{"name":"wp","href":"https:\/\/api.w.org\/{rel}","templated":true}]}}