{"id":86,"date":"2026-05-15T18:09:30","date_gmt":"2026-05-15T16:09:30","guid":{"rendered":"https:\/\/scena.regina-ai.net\/blog\/corpus-christi-de-la-catedral-3\/"},"modified":"2026-09-01T00:17:41","modified_gmt":"2026-08-31T22:17:41","slug":"corpus-christi-de-la-catedral-3","status":"publish","type":"post","link":"https:\/\/scena.regina-ai.net\/blog\/corpus-christi-de-la-catedral-3\/","title":{"rendered":"Corpus Christi de la Catedral"},"content":{"rendered":"<p>Queridos hermanos:<\/p>\n<p>Como venimos haciendo en los \u00faltimos a\u00f1os, nuestra Hermandad participa en la procesi\u00f3n del Corpus Christi organizada por el Cabildo Catedral de C\u00f3rdoba, acompa\u00f1ando al Sant\u00edsimo Sacramento con el paso de misterio de Nuestro Padre Jes\u00fas de la Fe en su Sagrada Cena.<\/p>\n<p>En esta ocasi\u00f3n, y con motivo de la visita del Santo Padre a Espa\u00f1a coincidiendo con la festividad del Corpus Christi, el Cabildo Catedral ha acordado trasladar la celebraci\u00f3n de la procesi\u00f3n eucar\u00edstica al jueves inmediatamente anterior.<\/p>\n<p>Esta circunstancia, al desarrollarse la procesi\u00f3n en la tarde de un d\u00eda laborable, dificulta de manera muy significativa la participaci\u00f3n de nuestra Hermandad con el paso de misterio. A ello se suma la complejidad que supondr\u00edan los traslados de ida y vuelta hasta la Santa Iglesia Catedral en dichas condiciones.<\/p>\n<p>Por todo ello, tras estudiar detenidamente las distintas posibilidades, la Junta de Gobierno ha decidido que este a\u00f1o la Hermandad no participe en la procesi\u00f3n del Corpus Christi con el paso de misterio de la Sagrada Cena.<\/p>\n<p>No obstante, fieles a nuestro compromiso con esta solemn\u00edsima celebraci\u00f3n eucar\u00edstica, la Hermandad s\u00ed asistir\u00e1 corporativamente a la procesi\u00f3n, como ha venido haciendo tradicionalmente. Para ello, se habilitar\u00e1 pr\u00f3ximamente el correspondiente plazo de inscripci\u00f3n para todos aquellos hermanos que deseen formar parte de la representaci\u00f3n corporativa.<\/p>\n<p>Agradecemos de antemano la comprensi\u00f3n de todos nuestros hermanos ante una decisi\u00f3n adoptada desde la responsabilidad y atendiendo a las circunstancias excepcionales de este a\u00f1o. Del mismo modo, queremos expresar nuestro agradecimiento al Cabildo Catedral por la disposici\u00f3n y las facilidades ofrecidas a nuestra Hermandad desde el primer momento.<\/p>\n<p>El Hermano Mayor.<\/p><\/p>\n","protected":false},"excerpt":{"rendered":"<p>Queridos hermanos: Como venimos haciendo en los \u00faltimos a\u00f1os, nuestra Hermandad participa en la procesi\u00f3n del Corpus Christi organizada por el Cabildo Catedral de C\u00f3rdoba, acompa\u00f1ando al Sant\u00edsimo Sacramento con &#8230;<\/p>\n","protected":false},"author":0,"featured_media":0,"comment_status":"open","ping_status":"open","sticky":false,"template":"","format":"standard","meta":{"footnotes":""},"categories":[1],"tags":[],"class_list":["post-86","post","type-post","status-publish","format-standard","hentry","category-uncategorized"],"_links":{"self":[{"href":"https:\/\/scena.regina-ai.net\/blog\/wp-json\/wp\/v2\/posts\/86","targetHints":{"allow":["GET"]}}],"collection":[{"href":"https:\/\/scena.regina-ai.net\/blog\/wp-json\/wp\/v2\/posts"}],"about":[{"href":"https:\/\/scena.regina-ai.net\/blog\/wp-json\/wp\/v2\/types\/post"}],"replies":[{"embeddable":true,"href":"https:\/\/scena.regina-ai.net\/blog\/wp-json\/wp\/v2\/comments?post=86"}],"version-history":[{"count":1,"href":"https:\/\/scena.regina-ai.net\/blog\/wp-json\/wp\/v2\/posts\/86\/revisions"}],"predecessor-version":[{"id":87,"href":"https:\/\/scena.regina-ai.net\/blog\/wp-json\/wp\/v2\/posts\/86\/revisions\/87"}],"wp:attachment":[{"href":"https:\/\/scena.regina-ai.net\/blog\/wp-json\/wp\/v2\/media?parent=86"}],"wp:term":[{"taxonomy":"category","embeddable":true,"href":"https:\/\/scena.regina-ai.net\/blog\/wp-json\/wp\/v2\/categories?post=86"},{"taxonomy":"post_tag","embeddable":true,"href":"https:\/\/scena.regina-ai.net\/blog\/wp-json\/wp\/v2\/tags?post=86"}],"curies":[{"name":"wp","href":"https:\/\/api.w.org\/{rel}","templated":true}]}}