{"id":88,"date":"2026-05-15T18:00:00","date_gmt":"2026-05-15T16:00:00","guid":{"rendered":"https:\/\/scena.regina-ai.net\/blog\/iguala-de-la-octava-del-corpus-2026\/"},"modified":"2026-09-01T00:17:44","modified_gmt":"2026-08-31T22:17:44","slug":"iguala-de-la-octava-del-corpus-2026","status":"publish","type":"post","link":"https:\/\/scena.regina-ai.net\/blog\/iguala-de-la-octava-del-corpus-2026\/","title":{"rendered":"Igual\u00e1 de la Octava del Corpus 2026"},"content":{"rendered":"<p>El pr\u00f3ximo <strong>viernes d\u00eda 5 de junio, a las 21 horas <\/strong>y en los salones parroquiales de nuestra Sede Can\u00f3nica, la Parroquia Beato \u00c1lvaro de C\u00f3rdoba, tendr\u00e1 lugar la <strong>igual\u00e1 de costaleros que portar\u00e1n al Sant\u00edsimo Sacramento<\/strong> en la salida procesional de la octava del Corpus por las calles de nuestro barrio, la cual se desarrollar\u00e1 el domingo d\u00eda 14 de junio tras la misa de 10 horas.<\/p>\n<p><strong>Se ruega traer calzado blanco de salida para la igual\u00e1.<\/strong><\/p>\n<div class=\"wp-block-image\">\n<figure class=\"aligncenter size-large is-resized\"><img loading=\"lazy\" decoding=\"async\" width=\"819\" height=\"1024\" src=\"https:\/\/scena.regina-ai.net\/blog\/wp-content\/uploads\/2026\/05\/IGUALA-SENOR-1-819x1024-1.png\" alt=\"\" class=\"wp-image-2914\" style=\"width:493px;height:auto\"><\/figure>\n<\/div>\n","protected":false},"excerpt":{"rendered":"<p>El pr\u00f3ximo viernes d\u00eda 5 de junio, a las 21 horas y en los salones parroquiales de nuestra Sede Can\u00f3nica, la Parroquia Beato \u00c1lvaro de C\u00f3rdoba, tendr\u00e1 lugar la igual\u00e1 &#8230;<\/p>\n","protected":false},"author":0,"featured_media":91,"comment_status":"open","ping_status":"open","sticky":false,"template":"","format":"standard","meta":{"footnotes":""},"categories":[1],"tags":[],"class_list":["post-88","post","type-post","status-publish","format-standard","has-post-thumbnail","hentry","category-uncategorized"],"_links":{"self":[{"href":"https:\/\/scena.regina-ai.net\/blog\/wp-json\/wp\/v2\/posts\/88","targetHints":{"allow":["GET"]}}],"collection":[{"href":"https:\/\/scena.regina-ai.net\/blog\/wp-json\/wp\/v2\/posts"}],"about":[{"href":"https:\/\/scena.regina-ai.net\/blog\/wp-json\/wp\/v2\/types\/post"}],"replies":[{"embeddable":true,"href":"https:\/\/scena.regina-ai.net\/blog\/wp-json\/wp\/v2\/comments?post=88"}],"version-history":[{"count":1,"href":"https:\/\/scena.regina-ai.net\/blog\/wp-json\/wp\/v2\/posts\/88\/revisions"}],"predecessor-version":[{"id":90,"href":"https:\/\/scena.regina-ai.net\/blog\/wp-json\/wp\/v2\/posts\/88\/revisions\/90"}],"wp:featuredmedia":[{"embeddable":true,"href":"https:\/\/scena.regina-ai.net\/blog\/wp-json\/wp\/v2\/media\/91"}],"wp:attachment":[{"href":"https:\/\/scena.regina-ai.net\/blog\/wp-json\/wp\/v2\/media?parent=88"}],"wp:term":[{"taxonomy":"category","embeddable":true,"href":"https:\/\/scena.regina-ai.net\/blog\/wp-json\/wp\/v2\/categories?post=88"},{"taxonomy":"post_tag","embeddable":true,"href":"https:\/\/scena.regina-ai.net\/blog\/wp-json\/wp\/v2\/tags?post=88"}],"curies":[{"name":"wp","href":"https:\/\/api.w.org\/{rel}","templated":true}]}}